{"id":8670,"date":"2012-08-16T10:33:57","date_gmt":"2012-08-16T09:33:57","guid":{"rendered":"http:\/\/kravallslojd.se\/wordpress\/?p=8670"},"modified":"2012-08-16T10:33:57","modified_gmt":"2012-08-16T09:33:57","slug":"storlek-eller-passform","status":"publish","type":"post","link":"https:\/\/kravallslojd.se\/wordpress\/?p=8670","title":{"rendered":"Storlek eller passform?"},"content":{"rendered":"<p>Eftersom denna veckan inte blivit den kreativa bikupa av aktivitet jag hoppats p\u00e5, s\u00e5nt \u00e4r livet, s\u00e5 t\u00e4nkte jag dryfta en annan aktuell fr\u00e5ga som varit uppm\u00e4rksammad i media och p\u00e5 facebook senaste veckan.<\/p>\n<p>Det klagas emellan\u00e5t p\u00e5 att flickornas storlekar \u00e4r mindre \u00e4n killarnas, men jag h\u00e4vdar att det inte \u00e4r en storleksfr\u00e5ga utan handlar om passform. Hur kl\u00e4derna \u00e4r t\u00e4nkta att sitta p\u00e5 kroppen helt enkelt och som designer, m\u00f6nsterkonstrukt\u00f6r och erfaren textilare vill jag h\u00e4vda att det \u00e4r trend som s\u00e4tter passform, och faktiskt sociala normer som s\u00e4tter trend, \u00e4ven f\u00f6r barnkl\u00e4der.<\/p>\n<p>\u00a0Jag k\u00f6per kl\u00e4der b\u00e5de fr\u00e5n kill och tjejavdelningen till min 4-\u00e5riga t\u00f6s, beroende p\u00e5 hur plagget ser ut, n\u00e4r det \u00e4r t\u00e4nkt att hon skall anv\u00e4nda det och lite vad hon sj\u00e4lv gillar naturligtvis. Men n\u00e4r det sitter kroppsn\u00e4ra s\u00e5 m\u00e5ste det ha stretch, enligt mitt tycke. Nu \u00e4r hon inne i en prinsessfas, n\u00e5got som varken jag eller hennes pappa uppmuntrar, men hon gillar rosa och glitter och att vara &#8221;fin&#8221;.\u00a0 Det skall s\u00e4gas att hon kl\u00e4ttrar, cyklar, leker med bilar, kladdar med lera lika g\u00e4rna som g\u00f6r n\u00e5got annat i sin tyllkjol.<\/p>\n<p>\u00a0Jag tror, med betoning p\u00e5 att det \u00e4r min egen personliga uppfattning som mamma och kvinna, att vi alla, barn som vuxna blir p\u00e5verkade av och p\u00e5verkar sj\u00e4lva samh\u00e4llet mycket mer \u00e4n vi tror. Vi kan inte skylla allt p\u00e5 massmedia och kl\u00e4dproducenter, vi skulle ju kunna ta ansvar och r\u00f6sta med v\u00e5ra pl\u00e5nb\u00f6cker. Sj\u00e4lv nekar jag konsekvent\u00a0 min 10-\u00e5riga dotter kl\u00e4der som i min mening g\u00f6r att hon ser &#8221;\u00e4ldre&#8221; ut \u00e4n vad hon \u00e4r, f\u00f6r att hon inte skall hamna i en social situation hon inte klarar av\u00a0om folk hon m\u00f6ter uppfattar henne som \u00e4ldre, och mognare. Jag k\u00e4nner att vuxenlivet tr\u00e4nger sig p\u00e5 alldeles f\u00f6r snabbt \u00e4nd\u00e5.\u00a0<\/p>\n<p>Tillbaka till passform och storlek s\u00e5 kan man v\u00e4l s\u00e4ga att &#8221;vuxna&#8221; modekl\u00e4der ofta har en mer kroppsn\u00e4ra passform f\u00f6r att vuxna kvinnor har mer kurvor att f\u00f6lja \u00f6ver och f\u00f6r att man skall &#8221;visa upp&#8221; sig.\u00a0 N\u00e4r man producerar s\u00e5 g\u00f6r man ett plagg i stl 38, eller 40 och f\u00e5r passformen helt r\u00e4tt p\u00e5 det plagget. (P\u00e5 barnkl\u00e4der brukar man \u00e4ven kolla st\u00f6rre och mindre storlek i skalan eftersom deras kroppar \u00e4ndrar sig s\u00e5 mycket mellan storlekarna.) S\u00e5, kolla in p\u00e5 bilder och dockor i aff\u00e4ren hur plagget \u00e4r t\u00e4nkt att sitta, detta g\u00e4ller \u00e4ven n\u00e4r man k\u00f6per m\u00f6nster. SE upp bara f\u00f6r tunikor och l\u00f6st sittande plagg, f\u00f6r ofta\u00a0\u00f6kas inte proportionerna i &#8221;l\u00f6sheten&#8221; n\u00e4r man g\u00f6r de stora storlekarna, utan det \u00e4r bara storleksm\u00e5tt som \u00f6kas. Dvs en 46 kan f\u00e5 samma passformstill\u00e4gg som en 38.\u00a0Ibland kan man ju kl\u00e4mma i sig i en mindre storlek \u00e4n vanligtvis, men det kan vara s\u00e5 att det plagget helt enkelt \u00e4r t\u00e4nkt\/designat att sitta l\u00f6sare p\u00e5 kroppen \u00e4n man t\u00e4nkt att b\u00e4ra det sj\u00e4lv, samma g\u00e4ller \u00e5t andra h\u00e5llet. Man kan ju som vuxen v\u00e4lja att helt enkelt ta en st\u00f6rre storlek f\u00f6r att f\u00e5 en l\u00f6sare passform, detta \u00e4r sv\u00e5rare f\u00f6r barn d\u00e5 de ju v\u00e4xer i l\u00e4ngd mellan storlekarna. Man skulle kunna filosifera att genom att applicera normer f\u00f6r vuxenkl\u00e4der ner p\u00e5 barnavdelningen s\u00e5 signalerar vi faktiskt den trend att unga och barn nuf\u00f6rtiden tvingas att bli \u00e4ldre allt fortare f\u00f6r att vi vuxna uts\u00e4tter dem f\u00f6r influenser de inte n\u00f6dv\u00e4ndigtvis \u00e4r redo f\u00f6r.<\/p>\n<p>Det blev l\u00e5ngt det h\u00e4r, och jag vet inte om jag kommit n\u00e5gon vart, men jag tror i alla fall att de flesta kl\u00e4df\u00f6retag f\u00e5tt storlekarna r\u00e4tt, och det \u00e4r passform och image vi skall fokusera p\u00e5 som vuxna n\u00e4r vi k\u00f6per till v\u00e5ra barn. En person i kl\u00e4dbranchen ber\u00e4ttade f\u00f6r mig att den generation som v\u00e4xt upp med stupr\u00f6rsmodet, som varit unga vuxna och burit v\u00e4ldigt tighta jeans och byxor, de visar sig ha helt andra generella m\u00e5tt i storleksunders\u00f6kningar. De har helt enkelt f\u00f6rhindrat sina h\u00f6fter att utvecklas &#8221;naturligt&#8221;.\u00a0 Kanske kan jag skylla mina egna kurvor p\u00e5 80-talets gener\u00f6sa kl\u00e4der, ingen restriktion h\u00e4r inte!<\/p>\n<p>Jag vet inte hur vi skall l\u00f6sa samh\u00e4llsproblemet med pojk och flick, men jag tror inte att k\u00f6nsneutrala kl\u00e4der \u00e4r l\u00f6sningen. Det sitter betydligt djupare \u00e4n s\u00e5. N\u00e4r vi \u00e5ker buss med en liten prinsessa s\u00e5 f\u00e5r hon massvis med kommentarer av medpassagerare att hon \u00e4r s\u00f6t och fin, i m\u00f6rka mysbyxor och en tr\u00f6ja med en bensinpump p\u00e5,, inte alls lika m\u00e5nga, \u00e4ven om hon \u00e4r lika fin. Mitt s\u00e4tt att f\u00f6rdr\u00f6ja vuxenlivet \u00e4r att att inte lyssna p\u00e5 radioprogram som inneh\u00e5ller sv\u00e4rord och vuxna koncept n\u00e4r barnen \u00e4r med, samma med tv och andra media. Inte f\u00f6rr\u00e4n barnen \u00e4r vuxna l\u00e4r jag f\u00e5 veta om jag gjorde n\u00e5gon skillnad, jag kan bara hoppas att de godtar att det \u00e4r\u00a0 k\u00e4rlek som \u00e4r argumentet att de inte f\u00e5r det som aaaaaaalllaaaa andra f\u00e5r.<\/p>\n<p>over and out \/ Jeanette<\/p>\n","protected":false},"excerpt":{"rendered":"<p>Eftersom denna veckan inte blivit den kreativa bikupa av aktivitet jag hoppats p\u00e5, s\u00e5nt \u00e4r livet, s\u00e5 t\u00e4nkte jag dryfta en annan aktuell fr\u00e5ga som varit uppm\u00e4rksammad i media och p\u00e5 facebook senaste veckan. Det klagas emellan\u00e5t p\u00e5 att flickornas storlekar \u00e4r mindre \u00e4n killarnas, men jag h\u00e4vdar att det inte \u00e4r en storleksfr\u00e5ga utan [&hellip;]<\/p>\n","protected":false},"author":215,"featured_media":0,"comment_status":"open","ping_status":"open","sticky":false,"template":"","format":"standard","meta":[],"categories":[1012],"tags":[179,873,1014],"_links":{"self":[{"href":"https:\/\/kravallslojd.se\/wordpress\/index.php?rest_route=\/wp\/v2\/posts\/8670"}],"collection":[{"href":"https:\/\/kravallslojd.se\/wordpress\/index.php?rest_route=\/wp\/v2\/posts"}],"about":[{"href":"https:\/\/kravallslojd.se\/wordpress\/index.php?rest_route=\/wp\/v2\/types\/post"}],"author":[{"embeddable":true,"href":"https:\/\/kravallslojd.se\/wordpress\/index.php?rest_route=\/wp\/v2\/users\/215"}],"replies":[{"embeddable":true,"href":"https:\/\/kravallslojd.se\/wordpress\/index.php?rest_route=%2Fwp%2Fv2%2Fcomments&post=8670"}],"version-history":[{"count":1,"href":"https:\/\/kravallslojd.se\/wordpress\/index.php?rest_route=\/wp\/v2\/posts\/8670\/revisions"}],"predecessor-version":[{"id":8671,"href":"https:\/\/kravallslojd.se\/wordpress\/index.php?rest_route=\/wp\/v2\/posts\/8670\/revisions\/8671"}],"wp:attachment":[{"href":"https:\/\/kravallslojd.se\/wordpress\/index.php?rest_route=%2Fwp%2Fv2%2Fmedia&parent=8670"}],"wp:term":[{"taxonomy":"category","embeddable":true,"href":"https:\/\/kravallslojd.se\/wordpress\/index.php?rest_route=%2Fwp%2Fv2%2Fcategories&post=8670"},{"taxonomy":"post_tag","embeddable":true,"href":"https:\/\/kravallslojd.se\/wordpress\/index.php?rest_route=%2Fwp%2Fv2%2Ftags&post=8670"}],"curies":[{"name":"wp","href":"https:\/\/api.w.org\/{rel}","templated":true}]}}