{"id":877,"date":"2008-11-02T19:43:14","date_gmt":"2008-11-02T17:43:14","guid":{"rendered":"http:\/\/kravallslojd.se\/bloggs2\/?p=877"},"modified":"2008-11-02T19:43:14","modified_gmt":"2008-11-02T17:43:14","slug":"en-tidig-morgon-nagonstans-i-sverige","status":"publish","type":"post","link":"https:\/\/kravallslojd.se\/wordpress\/?p=877","title":{"rendered":"En tidig morgon n\u00e5gonstans i Sverige&#8230;"},"content":{"rendered":"<p><strong>Solen stiger<\/strong> precis upp \u00f6ver landskapet som susar f\u00f6rbi utanf\u00f6r f\u00f6nstret. Sittplats p\u00e5 natt\u00e5get mellan Ume\u00e5 och G\u00f6teborg \u00e4r ganska tr\u00e5kigt. \u00d6ver femton timmar tr\u00e5kigt&#8230; F\u00f6r att sl\u00e5 ihj\u00e4l tiden hade jag tagit med mig utskruna l\u00e4derbitar till ett antal <a target=\"_blank\" href=\"http:\/\/adamnorman.wordpress.com\/2008\/03\/25\/laderflaskor\/\" >l\u00e4derflaskor<\/a>, syl, n\u00e5l, tr\u00e5d, vax och t\u00e5ng. Min lilla verkstad skapade ju en del h\u00f6jda \u00f6gonbryn, och lite fr\u00e5gor. N\u00e5gon g\u00e5ng p\u00e5 morgonen, kanske runt Hallsberg, s\u00e5 \u00e4ter jag mitt lilla \u00e4pple och tar en paus i s\u00f6mnaden. Funderar p\u00e5 att sova en stund&#8230;<br \/>\nD\u00e5 fr\u00e5gar damen p\u00e5 andra sidan mittg\u00e5ngen vad jag jobbar p\u00e5. Jag r\u00e4cker \u00f6ver en flaska och f\u00f6rklarar vad det \u00e4r, och hur de funkar. Hon ber\u00e4ttar glatt att hon sj\u00e4lv hade sysslat ganska mycket med sl\u00f6jd genom \u00e5ren. &#8221;Jaha?&#8221; fr\u00e5gar jag &#8221;vad gjorde du d\u00e5?&#8221;<\/p>\n<p>Kvinnan ser helt of\u00f6st\u00e5ende p\u00e5 mig och s\u00e4ger <strong>&#8221;Ja, halmsl\u00f6jd och korgm\u00e5lning s\u00e5klart.&#8221;<\/strong> Det var sl\u00f6jd.<br \/>\nJag blev lite \u00f6verrumplad av denna sj\u00e4lvklarhet, jag hade alltid trott att sl\u00f6jd var ett st\u00f6rre begrepp \u00e4n halm och m\u00e5lade korgar. Jag menar, vart tog sm\u00f6rknivarna v\u00e4gen?<\/p>\n<p>Hur som helst s\u00e5 drev jag inte den fr\u00e5gan vidare, utan t\u00e4nkte i mitt stilla sinne att &#8221;det h\u00e4r kan jag ta upp p\u00e5 n\u00e5gon slags sl\u00f6jd-blogg om n\u00e5got \u00e5r&#8230;&#8221; Men, en tidig morgon n\u00e5gonstans i Sverige, b\u00f6rjade vi prata lite om vad det betyder f\u00f6r m\u00e4nniskor att skapa saker. Och detta t\u00e4nkte jag avsluta min bloggvecka med.<\/p>\n<p><strong>Jag tror att m\u00e4nniskor beh\u00f6ver skapa. <\/strong>Detta har vi alltid gjort, till en b\u00f6rjan f\u00f6r v\u00e5r \u00f6verlevnad. Men ocks\u00e5 f\u00f6r sk\u00f6nheten och f\u00f6r n\u00f6jes skull. Och n\u00e5gon g\u00e5ng, f\u00f6r s\u00e4g 200 \u00e5r sedan, s\u00e5 b\u00f6rjade maskiner g\u00f6ra saker \u00e5t oss ist\u00e4llet. Industrialiseringen har varit totalt omv\u00e4lvande f\u00f6r v\u00e5rt samh\u00e4lle, speciellt om man ser till den materiella kulturen. Hantverk beh\u00f6vdes inte p\u00e5 samma s\u00e4tt l\u00e4ngre, \u00e5tminstone inte p\u00e5 det s\u00e4tt som man var van vid. Kanske ser vi flera sorters nya hantverk v\u00e4xa fram i k\u00f6vattnet av industrialiseringen? F\u00f6r ingenj\u00f6rskonst \u00e4r ju ocks\u00e5 ett hantverk, m\u00e5nga av de uppfinningar som kom under 1800-talet kan man betrakta som hantverk. S\u00e5 hantverk levde vidare, men p\u00e5 andra premisser.<\/p>\n<p><strong>Men hur \u00e4r det idag? <\/strong>Jag tror att m\u00e4nniskor har samma behov av att skapa \u00e4ven idag. Inte f\u00f6r v\u00e5r \u00f6verlevnad, men f\u00f6r att k\u00e4nna sig tillfreds med sig sj\u00e4va. F\u00f6r att k\u00e4nna stoltheten \u00f6ver att g\u00f6ra n\u00e5got. Sen spelar det inte s\u00e5 stor roll vad man g\u00f6r, vissa mekar med bilar, andra m\u00e5lar tavlor. Andra stickar halsdukar och en del designar hemsidor. Det handlar inte om vad man tillverkar, det handlar om vad man l\u00e4gger f\u00f6r v\u00e4rde bakom det. Det som \u00e4r vardagssysslor f\u00f6r den ene kan vara ett livskall f\u00f6r den andre. Men beh\u00f6ver inte h\u00e5lla med andra m\u00e4nniskor om vad som \u00e4r viktigt och roligt att syssla med. F\u00f6r jag tror i grund och botten om allt handlar om skapande, det tar sig bara olika uttryck.<\/p>\n<p>Under veckan har jag g\u00e5tt in lite p\u00e5 vad jag skapar, min lilla del av skapandets stora v\u00e4rld. Resan har g\u00e5tt fr\u00e5n det fj\u00e4rran (fiktiva) landet Mandolia, via Bockstens mosse i Halland och \u00e4nda till natt\u00e5get mellan Ume\u00e5 och G\u00f6teborg. Och \u00f6verallt finns hantverket och skapandet n\u00e4rvarande&#8230;<\/p>\n","protected":false},"excerpt":{"rendered":"<p>Solen stiger precis upp \u00f6ver landskapet som susar f\u00f6rbi utanf\u00f6r f\u00f6nstret. Sittplats p\u00e5 natt\u00e5get mellan Ume\u00e5 och G\u00f6teborg \u00e4r ganska tr\u00e5kigt. \u00d6ver femton timmar tr\u00e5kigt&#8230; F\u00f6r att sl\u00e5 ihj\u00e4l tiden hade jag tagit med mig utskruna l\u00e4derbitar till ett antal l\u00e4derflaskor, syl, n\u00e5l, tr\u00e5d, vax och t\u00e5ng. Min lilla verkstad skapade ju en del h\u00f6jda [&hellip;]<\/p>\n","protected":false},"author":1,"featured_media":0,"comment_status":"open","ping_status":"open","sticky":false,"template":"","format":"standard","meta":[],"categories":[4],"tags":[],"_links":{"self":[{"href":"https:\/\/kravallslojd.se\/wordpress\/index.php?rest_route=\/wp\/v2\/posts\/877"}],"collection":[{"href":"https:\/\/kravallslojd.se\/wordpress\/index.php?rest_route=\/wp\/v2\/posts"}],"about":[{"href":"https:\/\/kravallslojd.se\/wordpress\/index.php?rest_route=\/wp\/v2\/types\/post"}],"author":[{"embeddable":true,"href":"https:\/\/kravallslojd.se\/wordpress\/index.php?rest_route=\/wp\/v2\/users\/1"}],"replies":[{"embeddable":true,"href":"https:\/\/kravallslojd.se\/wordpress\/index.php?rest_route=%2Fwp%2Fv2%2Fcomments&post=877"}],"version-history":[{"count":3,"href":"https:\/\/kravallslojd.se\/wordpress\/index.php?rest_route=\/wp\/v2\/posts\/877\/revisions"}],"predecessor-version":[{"id":880,"href":"https:\/\/kravallslojd.se\/wordpress\/index.php?rest_route=\/wp\/v2\/posts\/877\/revisions\/880"}],"wp:attachment":[{"href":"https:\/\/kravallslojd.se\/wordpress\/index.php?rest_route=%2Fwp%2Fv2%2Fmedia&parent=877"}],"wp:term":[{"taxonomy":"category","embeddable":true,"href":"https:\/\/kravallslojd.se\/wordpress\/index.php?rest_route=%2Fwp%2Fv2%2Fcategories&post=877"},{"taxonomy":"post_tag","embeddable":true,"href":"https:\/\/kravallslojd.se\/wordpress\/index.php?rest_route=%2Fwp%2Fv2%2Ftags&post=877"}],"curies":[{"name":"wp","href":"https:\/\/api.w.org\/{rel}","templated":true}]}}