{"id":9295,"date":"2012-10-19T17:06:55","date_gmt":"2012-10-19T16:06:55","guid":{"rendered":"http:\/\/kravallslojd.se\/wordpress\/?p=9295"},"modified":"2012-10-19T17:06:55","modified_gmt":"2012-10-19T16:06:55","slug":"finful-och-smalbred-kultur","status":"publish","type":"post","link":"https:\/\/kravallslojd.se\/wordpress\/?p=9295","title":{"rendered":"Fin\/Ful och Smal\/Bred kultur"},"content":{"rendered":"<p>Det \u00e4r klart att det i ovanst\u00e5ende begrepp finns en v\u00e4rdering och en utg\u00e5ngspunkt i vad som anses vara den b\u00e4sta kulturen. D\u00e4remot har det som tidigare betecknats som ful kultur nu \u00e4ven kommit in i den fina kulturens rum. Graffiti blir hippt att visa i utst\u00e4llningar p\u00e5 institutioner och det folkliga tar mer plats. Detta \u00e4r inget nytt, jag vet.<\/p>\n<p>Det jag funderat p\u00e5 den sista tiden \u00e4r egentligen dikotomin smal\/bred kultur. D\u00e4r smal kultur \u00e4r f\u00f6r de redan invigda och bred kultur talar till den stora massan. Jag var nyligen p\u00e5 G\u00f6teborgs kulturnatta, och i \u00e5r var det tydligt att man satsat p\u00e5 den smala kulturen. Vad det kan bero p\u00e5 har jag ingen aning om. Om det \u00e4r bristande budget, f\u00f6r n\u00e4ra inp\u00e5 Kulturkalaset (som kan ses som en mer kommersiell och mainstream-satsning) eller om folket helt enkelt tr\u00f6ttnat p\u00e5 att g\u00e5 ut och uppleva det man lika g\u00e4rna kan sitta och youtubea. Bekv\u00e4mligheten \u00e4r h\u00e4r f\u00f6r att stanna?<\/p>\n<p>Jag \u00e4r iofs av uppfattningen att det beh\u00f6vs b\u00e5de och! Det ska f\u00e5 finnas performance-grupper som dansar kring toastolar lika mycket som att det ska f\u00e5 finnas dansband som sjunger om brustna hj\u00e4rtan. Och detta f\u00f6r att kulturen har den kraft att vi alla kan k\u00e4nna igen oss i n\u00e5got. S\u00e5 precis s\u00e5 m\u00e5ngfacetterade och olika vi m\u00e4nniskor \u00e4r, lika m\u00e5ngfacetterad b\u00f6r kulturen vara.<\/p>\n<p>Dock har jag som arrang\u00f6r, b\u00e5de i Den kulturella byr\u00e5n, men ocks\u00e5 i mitt jobb som Kultursamordnare, fattat grejen att man inte bara kan k\u00f6ra det ena eller det andra. Man m\u00e5ste ha kioskv\u00e4ltarna f\u00f6r att f\u00e5 folket att komma dit och det \u00e4r f\u00f6rst d\u00e5 n\u00e4r de v\u00e4l befinner sig p\u00e5 platsen\/kulturfestivalen\/kulturnatten osv som man kan smyga in det smalare, det mer konstn\u00e4rliga eller det mer utflippade. F\u00f6r att ge dem upplevelser de inte visste att de beh\u00f6vde. Men som g\u00f6r dem till rikare m\u00e4nniskor.<\/p>\n<p>Men f\u00f6r guds skull; f\u00f6rpacka det smart s\u00e5 att det blir ett paket med en salig blandning! Det lyckades vi med i september i Kungsbacka. Det lyckades inte G\u00f6teborg med i oktober. Kanske \u00e4r det h\u00f6struskets fel&#8230;.<\/p>\n<p>&nbsp;<\/p>\n","protected":false},"excerpt":{"rendered":"<p>Det \u00e4r klart att det i ovanst\u00e5ende begrepp finns en v\u00e4rdering och en utg\u00e5ngspunkt i vad som anses vara den b\u00e4sta kulturen. D\u00e4remot har det som tidigare betecknats som ful kultur nu \u00e4ven kommit in i den fina kulturens rum. Graffiti blir hippt att visa i utst\u00e4llningar p\u00e5 institutioner och det folkliga tar mer plats. [&hellip;]<\/p>\n","protected":false},"author":224,"featured_media":0,"comment_status":"open","ping_status":"open","sticky":false,"template":"","format":"standard","meta":[],"categories":[1103],"tags":[],"_links":{"self":[{"href":"https:\/\/kravallslojd.se\/wordpress\/index.php?rest_route=\/wp\/v2\/posts\/9295"}],"collection":[{"href":"https:\/\/kravallslojd.se\/wordpress\/index.php?rest_route=\/wp\/v2\/posts"}],"about":[{"href":"https:\/\/kravallslojd.se\/wordpress\/index.php?rest_route=\/wp\/v2\/types\/post"}],"author":[{"embeddable":true,"href":"https:\/\/kravallslojd.se\/wordpress\/index.php?rest_route=\/wp\/v2\/users\/224"}],"replies":[{"embeddable":true,"href":"https:\/\/kravallslojd.se\/wordpress\/index.php?rest_route=%2Fwp%2Fv2%2Fcomments&post=9295"}],"version-history":[{"count":2,"href":"https:\/\/kravallslojd.se\/wordpress\/index.php?rest_route=\/wp\/v2\/posts\/9295\/revisions"}],"predecessor-version":[{"id":9297,"href":"https:\/\/kravallslojd.se\/wordpress\/index.php?rest_route=\/wp\/v2\/posts\/9295\/revisions\/9297"}],"wp:attachment":[{"href":"https:\/\/kravallslojd.se\/wordpress\/index.php?rest_route=%2Fwp%2Fv2%2Fmedia&parent=9295"}],"wp:term":[{"taxonomy":"category","embeddable":true,"href":"https:\/\/kravallslojd.se\/wordpress\/index.php?rest_route=%2Fwp%2Fv2%2Fcategories&post=9295"},{"taxonomy":"post_tag","embeddable":true,"href":"https:\/\/kravallslojd.se\/wordpress\/index.php?rest_route=%2Fwp%2Fv2%2Ftags&post=9295"}],"curies":[{"name":"wp","href":"https:\/\/api.w.org\/{rel}","templated":true}]}}