{"id":9305,"date":"2012-10-22T14:48:30","date_gmt":"2012-10-22T13:48:30","guid":{"rendered":"http:\/\/kravallslojd.se\/wordpress\/?p=9305"},"modified":"2012-10-22T18:30:33","modified_gmt":"2012-10-22T17:30:33","slug":"mandagens-rivstart","status":"publish","type":"post","link":"https:\/\/kravallslojd.se\/wordpress\/?p=9305","title":{"rendered":"M\u00e5ndagens rivstart"},"content":{"rendered":"<p style=\"text-align: left;\">Min m\u00e5ndag som textilsl\u00f6jdsl\u00e4rare startade med att g\u00e5 genom staden Kiruna d\u00e4r jag jobbar. Det var bed\u00f6vande vackert p\u00e5 morgonen. Minus 9 grader och gnistrande sn\u00f6. Solen steg upp \u00f6ver kullarna mot Tuolluvaara.<\/p>\n<p style=\"text-align: center;\">\n<a href=\"http:\/\/kravallslojd.se\/wordpress\/?attachment_id=9306\" rel=\"attachment wp-att-9306\"><img decoding=\"async\" loading=\"lazy\" class=\"size-medium wp-image-9306 aligncenter\" title=\"Soluppg\u00e5ng\" src=\"http:\/\/kravallslojd.se\/wordpress\/wp-content\/uploads\/2012\/10\/CIMG0651-300x255.jpg\" alt=\"\" width=\"300\" height=\"255\" \/><br \/>\n<\/a><a href=\"http:\/\/kravallslojd.se\/wordpress\/?attachment_id=9307\"  rel=\"attachment wp-att-9307\"><img decoding=\"async\" loading=\"lazy\" class=\"aligncenter size-medium wp-image-9307\" title=\"Gatan i sol\" src=\"http:\/\/kravallslojd.se\/wordpress\/wp-content\/uploads\/2012\/10\/CIMG0663-300x255.jpg\" alt=\"\" width=\"300\" height=\"255\" \/><\/a><\/p>\n<p>V\u00e4l p\u00e5 skolan s\u00e5 var det till att ta hand om ivriga elever. Det sys mycket skr\u00e4ps\u00f6mnad. H\u00e4r har en kille sytt fast bitar av en chipsp\u00e5se. Kreativt h\u00e4rligt.<\/p>\n<p style=\"text-align: center;\"><a href=\"http:\/\/kravallslojd.se\/wordpress\/?attachment_id=9308\"  rel=\"attachment wp-att-9308\"><img decoding=\"async\" loading=\"lazy\" class=\"aligncenter  wp-image-9308\" title=\"Skr\u00e4ps\u00f6mnad\" src=\"http:\/\/kravallslojd.se\/wordpress\/wp-content\/uploads\/2012\/10\/CIMG0678-560x450.jpg\" alt=\"\" width=\"336\" height=\"270\" \/><\/a><\/p>\n<p>De kreativa \u00e4ldre eleverna skapade och designade. Uppgiften \u00e4r att designa ett \u00f6rngott med fyra tekniker ut\u00f6ver s\u00f6mnaden av \u00f6rngottet.<br \/>\nH\u00e4r finns en l\u00e4nk till min blogg d\u00e4r jag samlar elevernas bloggar. De \u00e4r s\u00e5 duktiga!<\/p>\n","protected":false},"excerpt":{"rendered":"<p>Min m\u00e5ndag som textilsl\u00f6jdsl\u00e4rare startade med att g\u00e5 genom staden Kiruna d\u00e4r jag jobbar. Det var bed\u00f6vande vackert p\u00e5 morgonen. Minus 9 grader och gnistrande sn\u00f6. Solen steg upp \u00f6ver kullarna mot Tuolluvaara. V\u00e4l p\u00e5 skolan s\u00e5 var det till att ta hand om ivriga elever. Det sys mycket skr\u00e4ps\u00f6mnad. H\u00e4r har en kille sytt [&hellip;]<\/p>\n","protected":false},"author":225,"featured_media":0,"comment_status":"open","ping_status":"open","sticky":false,"template":"","format":"standard","meta":[],"categories":[1111],"tags":[1112],"_links":{"self":[{"href":"https:\/\/kravallslojd.se\/wordpress\/index.php?rest_route=\/wp\/v2\/posts\/9305"}],"collection":[{"href":"https:\/\/kravallslojd.se\/wordpress\/index.php?rest_route=\/wp\/v2\/posts"}],"about":[{"href":"https:\/\/kravallslojd.se\/wordpress\/index.php?rest_route=\/wp\/v2\/types\/post"}],"author":[{"embeddable":true,"href":"https:\/\/kravallslojd.se\/wordpress\/index.php?rest_route=\/wp\/v2\/users\/225"}],"replies":[{"embeddable":true,"href":"https:\/\/kravallslojd.se\/wordpress\/index.php?rest_route=%2Fwp%2Fv2%2Fcomments&post=9305"}],"version-history":[{"count":5,"href":"https:\/\/kravallslojd.se\/wordpress\/index.php?rest_route=\/wp\/v2\/posts\/9305\/revisions"}],"predecessor-version":[{"id":9312,"href":"https:\/\/kravallslojd.se\/wordpress\/index.php?rest_route=\/wp\/v2\/posts\/9305\/revisions\/9312"}],"wp:attachment":[{"href":"https:\/\/kravallslojd.se\/wordpress\/index.php?rest_route=%2Fwp%2Fv2%2Fmedia&parent=9305"}],"wp:term":[{"taxonomy":"category","embeddable":true,"href":"https:\/\/kravallslojd.se\/wordpress\/index.php?rest_route=%2Fwp%2Fv2%2Fcategories&post=9305"},{"taxonomy":"post_tag","embeddable":true,"href":"https:\/\/kravallslojd.se\/wordpress\/index.php?rest_route=%2Fwp%2Fv2%2Ftags&post=9305"}],"curies":[{"name":"wp","href":"https:\/\/api.w.org\/{rel}","templated":true}]}}