{"id":9310,"date":"2012-10-24T22:24:31","date_gmt":"2012-10-24T21:24:31","guid":{"rendered":"http:\/\/kravallslojd.se\/wordpress\/?p=9310"},"modified":"2012-10-24T22:24:31","modified_gmt":"2012-10-24T21:24:31","slug":"att-sticka-eller-inte-sticka","status":"publish","type":"post","link":"https:\/\/kravallslojd.se\/wordpress\/?p=9310","title":{"rendered":"Att sticka eller inte sticka"},"content":{"rendered":"<p>Fick v\u00e4rldens gallanfall f\u00f6rra natten och det f\u00f6rsta jag t\u00e4nker p\u00e5 vilken stickning jag ska ta tag i. Har s\u00e5 fruktansv\u00e4rt ont, men vet att jag har lindring i stickningen. Det fungerar f\u00f6rst\u00e5s inte n\u00e4r jag har gallanfall. Utan m\u00e5ste lita till tabletterna.<br \/>\nMen bara tanken att ha n\u00e5t f\u00f6r h\u00e4nder och i mitt fall en stickning kan vara n\u00e5t som lindrar. Det har jag ju k\u00e4nt m\u00e5nga g\u00e5nger.<br \/>\nDet \u00e4r avstressande med stickning. D\u00e4rf\u00f6r har jag ocks\u00e5 tv\u00e5 stickningar p\u00e5 g\u00e5ng i personalrummet som mina kollegor kan ta till vid rasterna.<br \/>\nSkulle ocks\u00e5 vilja ha en stickning i rasthallen f\u00f6r eleverna. De elever som har textilsl\u00f6jd i \u00e5r 8 o 9 tror d\u00e4remot inte att det f\u00e5r vara i fred. f\u00f6r de sm\u00e5. Men just nu har vi s\u00e5 m\u00e5nga som stickar i skolan i m\u00e5nga \u00e5rskurser s\u00e5 det skulle b\u00e5de sprida intresse och lugn. Hade jag t\u00e4nkt.<br \/>\nEventuellt ska jag \u00e4ven tillverka jumbostickor till stadens ungdomsg\u00e5rd. Allt f\u00f6r att sprida intresse och \u00e4ven indirekt f\u00e5 till ett v\u00e4lm\u00e5ende.<br \/>\nKommer s\u00e5 v\u00e4l ih\u00e5g mina tankar n\u00e4r jag startade stickcaf\u00e9erna i Ume\u00e5. Det skulle vara p\u00e5 stadens innecaf\u00e9 f\u00f6r att n\u00e5 ungdomarna. Och vi n\u00e5dde ungdomarna. Det var s\u00e5 himla kul Det fanns g\u00e5nger n\u00e4r det var s\u00e5 mycket stickfolk s\u00e5 &#8221;vanliga&#8221; bes\u00f6kare kunde st\u00e5 fr\u00e5gandes i d\u00f6rren och undra om de kommit r\u00e4tt. Eller den g\u00e5ngen n\u00e4r Wolfman Jack United (som de hette d\u00e5) spelade och takten var s\u00e5 snabb att vi inte riktigt hann med i stickandet utan var tvungna att ta stickpauser i vissa l\u00e5tar. Det var mycket ungdomar, men de h\u00e4rliga tanterna kom p\u00e5 k\u00f6pet :-D. Det var s\u00e5 himla kul och intensivt. Bj\u00f6rkstickorna forts\u00e4tter med sina kaf\u00e9er. Vill du veta n\u00e4r och var s\u00e5 kan du beg\u00e4ra att f\u00e5 g\u00e5 med i facebookgruppen. https:\/\/www.facebook.com\/?ref=tn_tnmn#!\/groups\/151561774565\/?fref=ts<\/p>\n<p>Om det inte \u00e4r fysiskt m\u00f6jligt att delta i stickcaf\u00e9er s\u00e5 kan man vara med p\u00e5 stickcaf\u00e9er virituellt.<br \/>\nhttps:\/\/www.facebook.com\/?ref=tn_tnmn#!\/groups\/125866200796666\/?fref=ts<\/p>\n<p>Har funderationer att f\u00e5 ig\u00e5ng n\u00e5t h\u00e4r ocks\u00e5. Men det finns inga caf\u00e9er som har \u00f6ppet efter 18! S\u00e5 hittills s\u00e5 har vi tr\u00e4ffats hemma hos varandra. Det g\u00e5r bra de \u00e5.<br \/>\nF\u00f6r det \u00e4r nog ingen fr\u00e5ga: Att sticka eller inte.<br \/>\nPlats och tid och umg\u00e4nge varierar.<br \/>\nVi stickar s\u00e5 \u00e4r det bara!<\/p>\n<p>H\u00e4r f\u00e5r du en l\u00e4nk till en kreativ stickerska.<br \/>\nhttp:\/\/www.claireanneobrien.com\/index.php?%2Fwork%2Fknit-stools%2F<\/p>\n<p>Skrev p\u00e5 min blogg om ett konstverk eller installation som tog mig med storm. Kanske just f\u00f6r att det skulle vara m\u00f6jligt att sticka :-)<br \/>\nhttp:\/\/stickfia.blogspot.se\/2012\/10\/besoka-utstallningar.html<\/p>\n","protected":false},"excerpt":{"rendered":"<p>Fick v\u00e4rldens gallanfall f\u00f6rra natten och det f\u00f6rsta jag t\u00e4nker p\u00e5 vilken stickning jag ska ta tag i. Har s\u00e5 fruktansv\u00e4rt ont, men vet att jag har lindring i stickningen. Det fungerar f\u00f6rst\u00e5s inte n\u00e4r jag har gallanfall. Utan m\u00e5ste lita till tabletterna. Men bara tanken att ha n\u00e5t f\u00f6r h\u00e4nder och i mitt fall [&hellip;]<\/p>\n","protected":false},"author":225,"featured_media":0,"comment_status":"open","ping_status":"open","sticky":false,"template":"","format":"standard","meta":[],"categories":[1111],"tags":[121,1114,1115,1116],"_links":{"self":[{"href":"https:\/\/kravallslojd.se\/wordpress\/index.php?rest_route=\/wp\/v2\/posts\/9310"}],"collection":[{"href":"https:\/\/kravallslojd.se\/wordpress\/index.php?rest_route=\/wp\/v2\/posts"}],"about":[{"href":"https:\/\/kravallslojd.se\/wordpress\/index.php?rest_route=\/wp\/v2\/types\/post"}],"author":[{"embeddable":true,"href":"https:\/\/kravallslojd.se\/wordpress\/index.php?rest_route=\/wp\/v2\/users\/225"}],"replies":[{"embeddable":true,"href":"https:\/\/kravallslojd.se\/wordpress\/index.php?rest_route=%2Fwp%2Fv2%2Fcomments&post=9310"}],"version-history":[{"count":1,"href":"https:\/\/kravallslojd.se\/wordpress\/index.php?rest_route=\/wp\/v2\/posts\/9310\/revisions"}],"predecessor-version":[{"id":9320,"href":"https:\/\/kravallslojd.se\/wordpress\/index.php?rest_route=\/wp\/v2\/posts\/9310\/revisions\/9320"}],"wp:attachment":[{"href":"https:\/\/kravallslojd.se\/wordpress\/index.php?rest_route=%2Fwp%2Fv2%2Fmedia&parent=9310"}],"wp:term":[{"taxonomy":"category","embeddable":true,"href":"https:\/\/kravallslojd.se\/wordpress\/index.php?rest_route=%2Fwp%2Fv2%2Fcategories&post=9310"},{"taxonomy":"post_tag","embeddable":true,"href":"https:\/\/kravallslojd.se\/wordpress\/index.php?rest_route=%2Fwp%2Fv2%2Ftags&post=9310"}],"curies":[{"name":"wp","href":"https:\/\/api.w.org\/{rel}","templated":true}]}}