{"id":9362,"date":"2012-11-05T09:42:39","date_gmt":"2012-11-05T08:42:39","guid":{"rendered":"http:\/\/kravallslojd.se\/wordpress\/?p=9362"},"modified":"2012-11-05T09:42:39","modified_gmt":"2012-11-05T08:42:39","slug":"i-samuels-verkstad","status":"publish","type":"post","link":"https:\/\/kravallslojd.se\/wordpress\/?p=9362","title":{"rendered":"I Samuels Verkstad"},"content":{"rendered":"<p>T\u00e4nkte ber\u00e4tta lite grann om mitt senaste projekt som hade premi\u00e4r f\u00f6r 10 dagar sedan i Oslo. Det \u00e4r en f\u00f6rest\u00e4llning om keramik och krukmakartraditionen i Arvika som heter \u201dI Samuels Verkstad\u201d.<\/p>\n<p>Hur kan man g\u00f6ra f\u00f6r att h\u00f6ja v\u00e4rdet p\u00e5 sl\u00f6jd och konsthantverk? Hur kan man g\u00f6ra f\u00f6r att f\u00e5 m\u00e4nniskor att f\u00f6rst\u00e5 att hantverk \u00e4r ett alternativ som p\u00e5 m\u00e5nga s\u00e4tt \u00e4r b\u00e4ttre \u00e4n massproducerade saker fr\u00e5n andra sidan jordklotet, att hantverk \u00e4r v\u00e4rdefullt. Det h\u00e4r \u00e4r fr\u00e5gor som jag haft anledning att fundera \u00f6ver de senaste m\u00e5naderna. Jag b\u00f6rjade som projektledare f\u00f6r ett projekt om n\u00e4ringsutveckling inom sl\u00f6jd och hantverk i V\u00e4rmland i b\u00f6rjan av februari. H\u00e4r handlar det mycket om att st\u00f6tta de sl\u00f6jd- och konsthantverkare som har f\u00f6retag i regionen. Det handlar ocks\u00e5 om att t\u00e4nka l\u00e5ngsiktigt. Hur kan f\u00f6retagen utvecklas?<\/p>\n<p>Tanken bakom f\u00f6rest\u00e4llningen \u00e4r att visa p\u00e5 att krukmakartraditionen i Arvika rymmer andra kulturella uttryck som exempelvis musik, dans och ber\u00e4ttande. Och det var i att f\u00f6rena och ber\u00e4tta den h\u00e4r specifika historien som f\u00f6rest\u00e4llningen v\u00e4xte fram.<\/p>\n<p>Det \u00e4r bakgrunden till den musikaliska ber\u00e4ttelsen \u201dI Samuels Verkstad\u201d som hade premi\u00e4r f\u00f6r n\u00e5gra veckor sedan i Oslo. Jag fick i v\u00e5ras f\u00f6rfr\u00e5gan om att vara med i ett evenemang i Oslo f\u00f6r att marknadsf\u00f6ra kulturn\u00e4ring fr\u00e5n V\u00e4rmland. Jag skulle g\u00f6ra n\u00e5got nyskapande och jag hade inte m\u00e5nga m\u00e5nader p\u00e5 mig. Samtidigt jobbade jag mycket i Arvika, ett omr\u00e5de som \u00e4r k\u00e4nt f\u00f6r sin genuina keramiktradition. Jag \u00e4r en inbiten folkdansare och trakterna runt Arvika \u00e4r J\u00f6sseh\u00e4rspolskans omr\u00e5de. Det visade sig ocks\u00e5 att m\u00e5nga av de gamla krukmakarna i trakten var spelm\u00e4n, att musiken och krukmakeriet levde sida vid sida. Och s\u00e5 kom tanken att ber\u00e4tta historien om keramik- och spelmanstraditionen tillsammans med musiker och ber\u00e4ttare. Historien bakom hantverket och hantverkaren \u00e4r ofta s\u00e5 anonym. H\u00e4r lyftes historien fram, keramiken hamnade p\u00e5 scenen. Historien om h\u00e5rt arbetande krukmakare, om materialen, teknikerna, influenserna utifr\u00e5n och\u00a0den st\u00e4ndigt n\u00e4rvarande musiken. Historien om en sl\u00e4kt, ett skr\u00e5 och en hel bygd. Och jag \u00e4r \u00f6vertygad, f\u00f6rem\u00e5lens v\u00e4rde \u00f6kade och \u00f6kar fortfarande genom den historia de ber\u00e4ttar.<\/p>\n<p>S\u00e5 du hantverks\u00e4lskande m\u00e4nniska d\u00e4r ute, vilken historia rymmer det just du g\u00f6r?<\/p>\n<p><img decoding=\"async\" loading=\"lazy\" src=\"http:\/\/kravallslojd.se\/wordpress\/wp-content\/uploads\/2012\/11\/IMG_0025-202x300.jpg\" alt=\"\" width=\"202\" height=\"300\" \/><\/p>\n","protected":false},"excerpt":{"rendered":"<p>T\u00e4nkte ber\u00e4tta lite grann om mitt senaste projekt som hade premi\u00e4r f\u00f6r 10 dagar sedan i Oslo. Det \u00e4r en f\u00f6rest\u00e4llning om keramik och krukmakartraditionen i Arvika som heter \u201dI Samuels Verkstad\u201d. Hur kan man g\u00f6ra f\u00f6r att h\u00f6ja v\u00e4rdet p\u00e5 sl\u00f6jd och konsthantverk? Hur kan man g\u00f6ra f\u00f6r att f\u00e5 m\u00e4nniskor att f\u00f6rst\u00e5 att [&hellip;]<\/p>\n","protected":false},"author":227,"featured_media":0,"comment_status":"open","ping_status":"open","sticky":false,"template":"","format":"standard","meta":[],"categories":[1123],"tags":[347,210,312,817],"_links":{"self":[{"href":"https:\/\/kravallslojd.se\/wordpress\/index.php?rest_route=\/wp\/v2\/posts\/9362"}],"collection":[{"href":"https:\/\/kravallslojd.se\/wordpress\/index.php?rest_route=\/wp\/v2\/posts"}],"about":[{"href":"https:\/\/kravallslojd.se\/wordpress\/index.php?rest_route=\/wp\/v2\/types\/post"}],"author":[{"embeddable":true,"href":"https:\/\/kravallslojd.se\/wordpress\/index.php?rest_route=\/wp\/v2\/users\/227"}],"replies":[{"embeddable":true,"href":"https:\/\/kravallslojd.se\/wordpress\/index.php?rest_route=%2Fwp%2Fv2%2Fcomments&post=9362"}],"version-history":[{"count":4,"href":"https:\/\/kravallslojd.se\/wordpress\/index.php?rest_route=\/wp\/v2\/posts\/9362\/revisions"}],"predecessor-version":[{"id":9369,"href":"https:\/\/kravallslojd.se\/wordpress\/index.php?rest_route=\/wp\/v2\/posts\/9362\/revisions\/9369"}],"wp:attachment":[{"href":"https:\/\/kravallslojd.se\/wordpress\/index.php?rest_route=%2Fwp%2Fv2%2Fmedia&parent=9362"}],"wp:term":[{"taxonomy":"category","embeddable":true,"href":"https:\/\/kravallslojd.se\/wordpress\/index.php?rest_route=%2Fwp%2Fv2%2Fcategories&post=9362"},{"taxonomy":"post_tag","embeddable":true,"href":"https:\/\/kravallslojd.se\/wordpress\/index.php?rest_route=%2Fwp%2Fv2%2Ftags&post=9362"}],"curies":[{"name":"wp","href":"https:\/\/api.w.org\/{rel}","templated":true}]}}