{"id":9965,"date":"2013-03-18T08:35:43","date_gmt":"2013-03-18T07:35:43","guid":{"rendered":"http:\/\/kravallslojd.se\/wordpress\/?p=9965"},"modified":"2013-03-18T08:35:43","modified_gmt":"2013-03-18T07:35:43","slug":"valkommen-till-en-vecka-med-textilateljen-pa-andra-langgatan","status":"publish","type":"post","link":"https:\/\/kravallslojd.se\/wordpress\/?p=9965","title":{"rendered":"V\u00e4lkommen till en vecka med textilatelj\u00e9n p\u00e5 Andra L\u00e5nggatan!"},"content":{"rendered":"<p>V\u00e4lkommen till en vecka med textilatelj\u00e9n p\u00e5 Andra L\u00e5nggatan i G\u00f6teborg!<\/p>\n<p><div id=\"attachment_9967\" style=\"width: 292px\" class=\"wp-caption aligncenter\"><a href=\"http:\/\/kravallslojd.se\/wordpress\/wp-content\/uploads\/2013\/03\/IMG_0666.jpg\" ><img aria-describedby=\"caption-attachment-9967\" decoding=\"async\" loading=\"lazy\" class=\" wp-image-9967    \" alt=\"Entr\u00e9n till atelj\u00e9n en sn\u00f6ig marsmorgon.\" src=\"http:\/\/kravallslojd.se\/wordpress\/wp-content\/uploads\/2013\/03\/IMG_0666-560x779.jpg\" width=\"282\" height=\"393\" \/><\/a><p id=\"caption-attachment-9967\" class=\"wp-caption-text\">Entr\u00e9n till atelj\u00e9n en sn\u00f6ig marsmorgon.<\/p><\/div><\/p>\n<p>Textilatelj\u00e9n best\u00e5r av Kerstin Nilsson,Elisabeth Carlsson, Anna Karin Pettersson, Emma Linde, Anna Olsson och Mia Olsson.<\/p>\n<p>Vi \u00e4r sex yrkesverksamma textilkonstn\u00e4rer som delar atelj\u00e9 p\u00e5 Andra L\u00e5nggatan i G\u00f6teborg. Textilatelj\u00e9n har funnits sedan 1986. Tv\u00e5 av oss har varit med sedan starten och andra har tillkommit efterhand vilket inneb\u00e4r att vi befinner oss i olika skeenden i livet. Vanligtvis arbetar var och en p\u00e5 sitt h\u00e5ll med utst\u00e4llningar, uppdrag och andra projekt. Alla har sitt eget s\u00e4tt att uttrycka sig i det textila materialet och v\u00e5ra arbeten rymmer b\u00e5de v\u00e4v, tryck, f\u00e4rgning, broderi, skulptur, objekt med mera.<\/p>\n<p>Under veckan kommer vi p\u00e5 bloggen att visa n\u00e5gra gemensamma projekt vi genomf\u00f6rt och n\u00e5gra av oss kommer att ge en glimt av det egna konstn\u00e4rskapet.<\/p>\n<p><div id=\"attachment_9966\" style=\"width: 570px\" class=\"wp-caption aligncenter\"><img aria-describedby=\"caption-attachment-9966\" decoding=\"async\" loading=\"lazy\" class=\"size-large wp-image-9966 \" alt=\"Atelj\u00e9n \u00e4r p\u00e5 andra v\u00e5ningen.\" src=\"http:\/\/kravallslojd.se\/wordpress\/wp-content\/uploads\/2013\/03\/IMG_0664-560x448.jpg\" width=\"560\" height=\"448\" \/><p id=\"caption-attachment-9966\" class=\"wp-caption-text\">Atelj\u00e9n ligger p\u00e5 andra v\u00e5ningen.<\/p><\/div><\/p>\n<p style=\"text-align: left\">Vi startar med att visa v\u00e5rt senaste genomf\u00f6rda gemensamma projekt, \u201djulbockar\u201d. Strax innan jul deltog atelj\u00e9n i julmarknaden J\u00e4rnjul p\u00e5 J\u00e4rntorget. Inf\u00f6r detta hade vi utifr\u00e5n en likadan hopsnickrad stomme av diverse skr\u00e4p skapat varsin julbock. Bockarna blev helt olika, och p\u00e5 sitt s\u00e4tt avspeglar de nog sin konstn\u00e4rinna. Det var kallt i sn\u00f6gloppet p\u00e5 J\u00e4rntorget en adventshelg, men v\u00e4ldigt roligt att visa upp julbockarna. F\u00f6r det var m\u00e5nga som s\u00e5g dem och v\u00e4ldigt m\u00e5nga verkade bli glada av att se dem.<\/p>\n<p><div id=\"attachment_9968\" style=\"width: 570px\" class=\"wp-caption aligncenter\"><a href=\"http:\/\/kravallslojd.se\/wordpress\/wp-content\/uploads\/2013\/03\/julbockar-ute-copy.jpg\" ><img aria-describedby=\"caption-attachment-9968\" decoding=\"async\" loading=\"lazy\" class=\"size-large wp-image-9968 \" alt=\"Julbockar\" src=\"http:\/\/kravallslojd.se\/wordpress\/wp-content\/uploads\/2013\/03\/julbockar-ute-copy-560x393.jpg\" width=\"560\" height=\"393\" \/><\/a><p id=\"caption-attachment-9968\" class=\"wp-caption-text\">Julbockar<\/p><\/div><\/p>\n<p>&nbsp;<\/p>\n<p>&nbsp;<\/p>\n","protected":false},"excerpt":{"rendered":"<p>V\u00e4lkommen till en vecka med textilatelj\u00e9n p\u00e5 Andra L\u00e5nggatan i G\u00f6teborg! Textilatelj\u00e9n best\u00e5r av Kerstin Nilsson,Elisabeth Carlsson, Anna Karin Pettersson, Emma Linde, Anna Olsson och Mia Olsson. Vi \u00e4r sex yrkesverksamma textilkonstn\u00e4rer som delar atelj\u00e9 p\u00e5 Andra L\u00e5nggatan i G\u00f6teborg. Textilatelj\u00e9n har funnits sedan 1986. Tv\u00e5 av oss har varit med sedan starten och andra [&hellip;]<\/p>\n","protected":false},"author":236,"featured_media":0,"comment_status":"open","ping_status":"open","sticky":false,"template":"","format":"standard","meta":[],"categories":[1168],"tags":[1172,1174,1171,1173],"_links":{"self":[{"href":"https:\/\/kravallslojd.se\/wordpress\/index.php?rest_route=\/wp\/v2\/posts\/9965"}],"collection":[{"href":"https:\/\/kravallslojd.se\/wordpress\/index.php?rest_route=\/wp\/v2\/posts"}],"about":[{"href":"https:\/\/kravallslojd.se\/wordpress\/index.php?rest_route=\/wp\/v2\/types\/post"}],"author":[{"embeddable":true,"href":"https:\/\/kravallslojd.se\/wordpress\/index.php?rest_route=\/wp\/v2\/users\/236"}],"replies":[{"embeddable":true,"href":"https:\/\/kravallslojd.se\/wordpress\/index.php?rest_route=%2Fwp%2Fv2%2Fcomments&post=9965"}],"version-history":[{"count":6,"href":"https:\/\/kravallslojd.se\/wordpress\/index.php?rest_route=\/wp\/v2\/posts\/9965\/revisions"}],"predecessor-version":[{"id":9974,"href":"https:\/\/kravallslojd.se\/wordpress\/index.php?rest_route=\/wp\/v2\/posts\/9965\/revisions\/9974"}],"wp:attachment":[{"href":"https:\/\/kravallslojd.se\/wordpress\/index.php?rest_route=%2Fwp%2Fv2%2Fmedia&parent=9965"}],"wp:term":[{"taxonomy":"category","embeddable":true,"href":"https:\/\/kravallslojd.se\/wordpress\/index.php?rest_route=%2Fwp%2Fv2%2Fcategories&post=9965"},{"taxonomy":"post_tag","embeddable":true,"href":"https:\/\/kravallslojd.se\/wordpress\/index.php?rest_route=%2Fwp%2Fv2%2Ftags&post=9965"}],"curies":[{"name":"wp","href":"https:\/\/api.w.org\/{rel}","templated":true}]}}