{"id":9975,"date":"2013-03-19T07:49:34","date_gmt":"2013-03-19T06:49:34","guid":{"rendered":"http:\/\/kravallslojd.se\/wordpress\/?p=9975"},"modified":"2013-03-20T17:59:53","modified_gmt":"2013-03-20T16:59:53","slug":"en-glimt-av-anna-olssons-arbete-i-ateljen-pa-andra-langgatan","status":"publish","type":"post","link":"https:\/\/kravallslojd.se\/wordpress\/?p=9975","title":{"rendered":"En glimt av Anna Olssons arbete i atelj\u00e9n p\u00e5 Andra L\u00e5nggatan"},"content":{"rendered":"<p>&nbsp;<\/p>\n<p>Jag v\u00e4ver f\u00f6r att jag vill ber\u00e4tta n\u00e5got. F\u00f6r mig \u00e4r livet politik, att se, k\u00e4nna, prata och en \u00f6nskan om en god tillvaro f\u00f6r alla och v\u00e5r jord. F\u00f6r mig handlar mitt konstn\u00e4rskap ytterst om att vilja bidra till n\u00e5got gott. Ett s\u00e4tt f\u00f6r mig att ta mitt ansvar f\u00f6r att skapa en b\u00e4ttre v\u00e4rld.<\/p>\n<p><img decoding=\"async\" loading=\"lazy\" class=\"alignnone  wp-image-10002\" alt=\"propagandakuddar\" src=\"http:\/\/kravallslojd.se\/wordpress\/wp-content\/uploads\/2013\/03\/propagandakuddar-560x482.jpg\" width=\"448\" height=\"386\" \/><\/p>\n<dl class=\"wp-caption alignnone\" id=\"attachment_9982\" style=\"width: 402px\">\n<dd class=\"wp-caption-dd\">Propagandakuddar<\/dd>\n<\/dl>\n<p>Nu arbetar jag med ett tema jag kallar Kris och katastrof. Jag har bland annat gjort v\u00e4var och broderier som handlat om inkomstklyftor, uteliggare, barn som bevittnat v\u00e5ld, pappersl\u00f6sa m\u00e4nniskor som f\u00f6rvaras i h\u00e4kte i v\u00e4ntan p\u00e5 avvisning och olika milj\u00f6katastrofer.<\/p>\n<p><img decoding=\"async\" loading=\"lazy\" class=\"alignnone  wp-image-10001\" alt=\"IMG_0675\" src=\"http:\/\/kravallslojd.se\/wordpress\/wp-content\/uploads\/2013\/03\/IMG_0675-560x448.jpg\" width=\"448\" height=\"358\" \/><\/p>\n<p><img decoding=\"async\" loading=\"lazy\" class=\"alignnone  wp-image-10003\" alt=\"IMG_0674\" src=\"http:\/\/kravallslojd.se\/wordpress\/wp-content\/uploads\/2013\/03\/IMG_0674-560x779.jpg\" width=\"448\" height=\"623\" \/><\/p>\n<p>Nu i v\u00e4vstolen har jag en v\u00e4v som handlar nedskr\u00e4pning. M\u00e4ngden plats i Stilla havet har \u00f6kat med 100 g\u00e5nger under min livstid. Skr\u00e4pet har samlats i ett omr\u00e5de stort som Texas. Det \u00e4r galet och beh\u00f6ver ses, k\u00e4nnas, pratas om och uttryckas p\u00e5 m\u00e5nga s\u00e4tt. Jag v\u00e4ver det, f\u00f6r v\u00e4va \u00e4r det jag kan.<\/p>\n<p>Anna Olsson<\/p>\n<p>L\u00e4s g\u00e4rna mer p\u00e5 min blogg, <a href=\"http:\/\/www.tapestryannaolsson.blogspot.se\" title=\"www.tapestryannaolsson.blogspot.se\"  target=\"_blank\">www.tapestryannaolsson.blogspot.se<\/a><\/p>\n<p><div id=\"attachment_10004\" style=\"width: 458px\" class=\"wp-caption alignnone\"><img aria-describedby=\"caption-attachment-10004\" decoding=\"async\" loading=\"lazy\" class=\" wp-image-10004\" alt=\"blogsopberg\" src=\"http:\/\/kravallslojd.se\/wordpress\/wp-content\/uploads\/2013\/03\/blogsopberg-560x758.jpg\" width=\"448\" height=\"606\" \/><p id=\"caption-attachment-10004\" class=\"wp-caption-text\">Sopberg, 58 x 74 cm<br \/>Bildv\u00e4v i lin.<br \/>Anna Olsson 2012<\/p><\/div><\/p>\n<p>&nbsp;<\/p>\n","protected":false},"excerpt":{"rendered":"<p>&nbsp; Jag v\u00e4ver f\u00f6r att jag vill ber\u00e4tta n\u00e5got. F\u00f6r mig \u00e4r livet politik, att se, k\u00e4nna, prata och en \u00f6nskan om en god tillvaro f\u00f6r alla och v\u00e5r jord. F\u00f6r mig handlar mitt konstn\u00e4rskap ytterst om att vilja bidra till n\u00e5got gott. Ett s\u00e4tt f\u00f6r mig att ta mitt ansvar f\u00f6r att skapa en [&hellip;]<\/p>\n","protected":false},"author":236,"featured_media":0,"comment_status":"open","ping_status":"open","sticky":false,"template":"","format":"standard","meta":[],"categories":[1168],"tags":[1787,1176,136],"_links":{"self":[{"href":"https:\/\/kravallslojd.se\/wordpress\/index.php?rest_route=\/wp\/v2\/posts\/9975"}],"collection":[{"href":"https:\/\/kravallslojd.se\/wordpress\/index.php?rest_route=\/wp\/v2\/posts"}],"about":[{"href":"https:\/\/kravallslojd.se\/wordpress\/index.php?rest_route=\/wp\/v2\/types\/post"}],"author":[{"embeddable":true,"href":"https:\/\/kravallslojd.se\/wordpress\/index.php?rest_route=\/wp\/v2\/users\/236"}],"replies":[{"embeddable":true,"href":"https:\/\/kravallslojd.se\/wordpress\/index.php?rest_route=%2Fwp%2Fv2%2Fcomments&post=9975"}],"version-history":[{"count":10,"href":"https:\/\/kravallslojd.se\/wordpress\/index.php?rest_route=\/wp\/v2\/posts\/9975\/revisions"}],"predecessor-version":[{"id":10000,"href":"https:\/\/kravallslojd.se\/wordpress\/index.php?rest_route=\/wp\/v2\/posts\/9975\/revisions\/10000"}],"wp:attachment":[{"href":"https:\/\/kravallslojd.se\/wordpress\/index.php?rest_route=%2Fwp%2Fv2%2Fmedia&parent=9975"}],"wp:term":[{"taxonomy":"category","embeddable":true,"href":"https:\/\/kravallslojd.se\/wordpress\/index.php?rest_route=%2Fwp%2Fv2%2Fcategories&post=9975"},{"taxonomy":"post_tag","embeddable":true,"href":"https:\/\/kravallslojd.se\/wordpress\/index.php?rest_route=%2Fwp%2Fv2%2Ftags&post=9975"}],"curies":[{"name":"wp","href":"https:\/\/api.w.org\/{rel}","templated":true}]}}